{"id":885,"date":"2024-02-14T10:42:48","date_gmt":"2024-02-14T09:42:48","guid":{"rendered":"http:\/\/carter-caravans.de\/?p=885"},"modified":"2024-03-15T16:12:52","modified_gmt":"2024-03-15T15:12:52","slug":"zabudowa-samochodu-dostawczego","status":"publish","type":"post","link":"http:\/\/carter-caravans.de\/index.php\/2024\/02\/14\/zabudowa-samochodu-dostawczego\/","title":{"rendered":"BAU EINES LIEFERFAHRZEUGS"},"content":{"rendered":"\t\t<div data-elementor-type=\"wp-post\" data-elementor-id=\"885\" class=\"elementor elementor-885\">\n\t\t\t\t\t\t\t\t\t<section class=\"elementor-section elementor-top-section elementor-element elementor-element-1d44eee elementor-section-boxed elementor-section-height-default elementor-section-height-default\" data-id=\"1d44eee\" data-element_type=\"section\">\n\t\t\t\t\t\t<div class=\"elementor-container elementor-column-gap-default\">\n\t\t\t\t\t<div class=\"elementor-column elementor-col-100 elementor-top-column elementor-element elementor-element-d96a439\" data-id=\"d96a439\" data-element_type=\"column\">\n\t\t\t<div class=\"elementor-widget-wrap elementor-element-populated\">\n\t\t\t\t\t\t\t\t<div class=\"elementor-element elementor-element-8d32819 elementor-widget elementor-widget-text-editor\" data-id=\"8d32819\" data-element_type=\"widget\" data-widget_type=\"text-editor.default\">\n\t\t\t\t<div class=\"elementor-widget-container\">\n\t\t\t<style>\/*! elementor - v3.11.3 - 07-03-2023 *\/\n.elementor-widget-text-editor.elementor-drop-cap-view-stacked .elementor-drop-cap{background-color:#818a91;color:#fff}.elementor-widget-text-editor.elementor-drop-cap-view-framed .elementor-drop-cap{color:#818a91;border:3px solid;background-color:transparent}.elementor-widget-text-editor:not(.elementor-drop-cap-view-default) .elementor-drop-cap{margin-top:8px}.elementor-widget-text-editor:not(.elementor-drop-cap-view-default) .elementor-drop-cap-letter{width:1em;height:1em}.elementor-widget-text-editor .elementor-drop-cap{float:left;text-align:center;line-height:1;font-size:50px}.elementor-widget-text-editor .elementor-drop-cap-letter{display:inline-block}<\/style>\t\t\t\t<center>Sind Sie auf der Suche nach einem professionellen und umfassenden Service f\u00fcr die Erstellung einer Karosserie f\u00fcr Ihren Transporter oder ein anderes Fahrzeug? Wir bieten komplette Renovierung, Umbau und Schalld\u00e4mmung der Ladefl\u00e4che, sowie Bau der Kabine mit zus\u00e4tzlicher Schlafm\u00f6glichkeit.<\/center><h4><span style=\"font-weight: normal;\">Unser Angebot umfasst:<\/span><\/h4><div><ul><li>Umfassende Renovierung: Wir verwandeln Ihren Transporter oder ein anderes Fahrzeug in den perfekten Transportraum. Dank unserer Erfahrung und fortschrittlichen Technologien gew\u00e4hrleisten wir hohe Qualit\u00e4t und \u00c4sthetik.<\/li><li>Ladekastenaufbau: Wir passen den Aufbau an Ihre Bed\u00fcrfnisse und Vorlieben an. Wir bieten vielf\u00e4ltige M\u00f6glichkeiten zur Lagerung und zum Transport von Ger\u00e4ten, Werkzeugen und anderen Gegenst\u00e4nden.<\/li><li>Schalld\u00e4mmung der Ladefl\u00e4che: Wir sorgen f\u00fcr eine professionelle Schalld\u00e4mmung im Innenraum und eliminieren L\u00e4rm und Vibrationen.<\/li><li>Kabinenbau mit Schlafm\u00f6glichkeit: Wir schaffen in der Fahrzeugkabine einen ergonomischen und funktionalen Raum, der als Schlafzimmer dienen kann. Wir bieten eine Vielzahl von L\u00f6sungen an, vom faltbaren Bett bis zur bequemen Matratze.<\/li><\/ul><\/div><h4><span style=\"font-weight: normal;\">Warum lohnt es sich, unseren Service zu nutzen?<\/span><\/h4><div><ul style=\"margin-bottom: 0px;\"><li>Erfahrung: Wir verf\u00fcgen \u00fcber langj\u00e4hrige Erfahrung in der Herstellung von Karosserien f\u00fcr verschiedene Fahrzeugtypen und gew\u00e4hrleisten so hohe Qualit\u00e4t und Kundenzufriedenheit.<\/li><li>Anpassung an Bed\u00fcrfnisse: Wir passen unsere Projekte individuell an die Bed\u00fcrfnisse und Erwartungen des Kunden an und sorgen so f\u00fcr volle Zufriedenheit und Funktionalit\u00e4t.<\/li><li>Professionalit\u00e4t: Unser Team besteht aus erfahrenen Spezialisten, die sich um jedes Detail k\u00fcmmern und die Arbeiten mit gr\u00f6\u00dfter Sorgfalt ausf\u00fchren.<\/li><li>Vielseitigkeit: Wir bieten umfassende Dienstleistungen f\u00fcr eine Vielzahl von Fahrzeugen an und geben Ihnen die M\u00f6glichkeit, jedes Fahrzeug an Ihre Bed\u00fcrfnisse anzupassen.<\/li><\/ul><p>\u00a0<\/p><\/div><center>Wir empfehlen Ihnen, uns f\u00fcr weitere Informationen und Beratung zu Ihren individuellen Bed\u00fcrfnissen und Erwartungen zu kontaktieren.<\/center>\t\t\t\t\t\t<\/div>\n\t\t\t\t<\/div>\n\t\t\t\t\t<\/div>\n\t\t<\/div>\n\t\t\t\t\t\t\t<\/div>\n\t\t<\/section>\n\t\t\t\t<section class=\"elementor-section elementor-top-section elementor-element elementor-element-35c28b4 elementor-section-boxed elementor-section-height-default elementor-section-height-default\" data-id=\"35c28b4\" data-element_type=\"section\">\n\t\t\t\t\t\t<div class=\"elementor-container elementor-column-gap-default\">\n\t\t\t\t\t<div class=\"elementor-column elementor-col-100 elementor-top-column elementor-element elementor-element-6af7fd9\" data-id=\"6af7fd9\" data-element_type=\"column\">\n\t\t\t<div class=\"elementor-widget-wrap elementor-element-populated\">\n\t\t\t\t\t\t\t\t<div class=\"elementor-element elementor-element-89a845d elementor-widget elementor-widget-image-gallery\" data-id=\"89a845d\" data-element_type=\"widget\" data-widget_type=\"image-gallery.default\">\n\t\t\t\t<div class=\"elementor-widget-container\">\n\t\t\t<style>\/*! elementor - v3.11.3 - 07-03-2023 *\/\n.elementor-image-gallery .gallery-item{display:inline-block;text-align:center;vertical-align:top;width:100%;max-width:100%;margin:0 auto}.elementor-image-gallery .gallery-item img{margin:0 auto}.elementor-image-gallery .gallery-item .gallery-caption{margin:0}.elementor-image-gallery figure img{display:block}.elementor-image-gallery figure figcaption{width:100%}.gallery-spacing-custom .elementor-image-gallery .gallery-icon{padding:0}@media (min-width:768px){.elementor-image-gallery .gallery-columns-2 .gallery-item{max-width:50%}.elementor-image-gallery .gallery-columns-3 .gallery-item{max-width:33.33%}.elementor-image-gallery .gallery-columns-4 .gallery-item{max-width:25%}.elementor-image-gallery .gallery-columns-5 .gallery-item{max-width:20%}.elementor-image-gallery .gallery-columns-6 .gallery-item{max-width:16.666%}.elementor-image-gallery .gallery-columns-7 .gallery-item{max-width:14.28%}.elementor-image-gallery .gallery-columns-8 .gallery-item{max-width:12.5%}.elementor-image-gallery .gallery-columns-9 .gallery-item{max-width:11.11%}.elementor-image-gallery .gallery-columns-10 .gallery-item{max-width:10%}}@media (min-width:480px) and (max-width:767px){.elementor-image-gallery .gallery.gallery-columns-2 .gallery-item,.elementor-image-gallery .gallery.gallery-columns-3 .gallery-item,.elementor-image-gallery .gallery.gallery-columns-4 .gallery-item,.elementor-image-gallery .gallery.gallery-columns-5 .gallery-item,.elementor-image-gallery .gallery.gallery-columns-6 .gallery-item,.elementor-image-gallery .gallery.gallery-columns-7 .gallery-item,.elementor-image-gallery .gallery.gallery-columns-8 .gallery-item,.elementor-image-gallery .gallery.gallery-columns-9 .gallery-item,.elementor-image-gallery .gallery.gallery-columns-10 .gallery-item{max-width:50%}}@media (max-width:479px){.elementor-image-gallery .gallery.gallery-columns-2 .gallery-item,.elementor-image-gallery .gallery.gallery-columns-3 .gallery-item,.elementor-image-gallery .gallery.gallery-columns-4 .gallery-item,.elementor-image-gallery .gallery.gallery-columns-5 .gallery-item,.elementor-image-gallery .gallery.gallery-columns-6 .gallery-item,.elementor-image-gallery .gallery.gallery-columns-7 .gallery-item,.elementor-image-gallery .gallery.gallery-columns-8 .gallery-item,.elementor-image-gallery .gallery.gallery-columns-9 .gallery-item,.elementor-image-gallery .gallery.gallery-columns-10 .gallery-item{max-width:100%}}<\/style>\t\t<div class=\"elementor-image-gallery\">\n\t\t\t<div id='gallery-1' class='gallery galleryid-885 gallery-columns-2 gallery-size-full'><figure class='gallery-item'>\n\t\t\t<div class='gallery-icon landscape'>\n\t\t\t\t<a data-elementor-open-lightbox=\"yes\" data-elementor-lightbox-slideshow=\"89a845d\" data-elementor-lightbox-title=\"IMG_3862\" data-e-action-hash=\"#elementor-action%3Aaction%3Dlightbox%26settings%3DeyJpZCI6OTAwLCJ1cmwiOiJodHRwOlwvXC9jYXJ0ZXItY2FyYXZhbnMuZGVcL3dwLWNvbnRlbnRcL3VwbG9hZHNcLzIwMjRcLzAyXC9JTUdfMzg2Mi1zY2FsZWQuanBnIiwic2xpZGVzaG93IjoiODlhODQ1ZCJ9\" href='http:\/\/carter-caravans.de\/wp-content\/uploads\/2024\/02\/IMG_3862-scaled.jpg'><img loading=\"lazy\" decoding=\"async\" width=\"2560\" height=\"1920\" src=\"http:\/\/carter-caravans.de\/wp-content\/uploads\/2024\/02\/IMG_3862-scaled.jpg\" class=\"attachment-full size-full\" alt=\"\" srcset=\"http:\/\/carter-caravans.de\/wp-content\/uploads\/2024\/02\/IMG_3862-scaled.jpg 2560w, http:\/\/carter-caravans.de\/wp-content\/uploads\/2024\/02\/IMG_3862-300x225.jpg 300w, http:\/\/carter-caravans.de\/wp-content\/uploads\/2024\/02\/IMG_3862-1024x768.jpg 1024w, http:\/\/carter-caravans.de\/wp-content\/uploads\/2024\/02\/IMG_3862-768x576.jpg 768w, http:\/\/carter-caravans.de\/wp-content\/uploads\/2024\/02\/IMG_3862-1536x1152.jpg 1536w, http:\/\/carter-caravans.de\/wp-content\/uploads\/2024\/02\/IMG_3862-2048x1536.jpg 2048w, http:\/\/carter-caravans.de\/wp-content\/uploads\/2024\/02\/IMG_3862-900x675.jpg 900w, http:\/\/carter-caravans.de\/wp-content\/uploads\/2024\/02\/IMG_3862-500x375.jpg 500w, http:\/\/carter-caravans.de\/wp-content\/uploads\/2024\/02\/IMG_3862-600x450.jpg 600w\" sizes=\"auto, (max-width: 2560px) 100vw, 2560px\" \/><\/a>\n\t\t\t<\/div><\/figure><figure class='gallery-item'>\n\t\t\t<div class='gallery-icon landscape'>\n\t\t\t\t<a data-elementor-open-lightbox=\"yes\" data-elementor-lightbox-slideshow=\"89a845d\" data-elementor-lightbox-title=\"IMG_3863\" data-e-action-hash=\"#elementor-action%3Aaction%3Dlightbox%26settings%3DeyJpZCI6OTAxLCJ1cmwiOiJodHRwOlwvXC9jYXJ0ZXItY2FyYXZhbnMuZGVcL3dwLWNvbnRlbnRcL3VwbG9hZHNcLzIwMjRcLzAyXC9JTUdfMzg2My1zY2FsZWQuanBnIiwic2xpZGVzaG93IjoiODlhODQ1ZCJ9\" href='http:\/\/carter-caravans.de\/wp-content\/uploads\/2024\/02\/IMG_3863-scaled.jpg'><img loading=\"lazy\" decoding=\"async\" width=\"2560\" height=\"1920\" src=\"http:\/\/carter-caravans.de\/wp-content\/uploads\/2024\/02\/IMG_3863-scaled.jpg\" class=\"attachment-full size-full\" alt=\"\" srcset=\"http:\/\/carter-caravans.de\/wp-content\/uploads\/2024\/02\/IMG_3863-scaled.jpg 2560w, http:\/\/carter-caravans.de\/wp-content\/uploads\/2024\/02\/IMG_3863-300x225.jpg 300w, http:\/\/carter-caravans.de\/wp-content\/uploads\/2024\/02\/IMG_3863-1024x768.jpg 1024w, http:\/\/carter-caravans.de\/wp-content\/uploads\/2024\/02\/IMG_3863-768x576.jpg 768w, http:\/\/carter-caravans.de\/wp-content\/uploads\/2024\/02\/IMG_3863-1536x1152.jpg 1536w, http:\/\/carter-caravans.de\/wp-content\/uploads\/2024\/02\/IMG_3863-2048x1536.jpg 2048w, http:\/\/carter-caravans.de\/wp-content\/uploads\/2024\/02\/IMG_3863-900x675.jpg 900w, http:\/\/carter-caravans.de\/wp-content\/uploads\/2024\/02\/IMG_3863-500x375.jpg 500w, http:\/\/carter-caravans.de\/wp-content\/uploads\/2024\/02\/IMG_3863-600x450.jpg 600w\" sizes=\"auto, (max-width: 2560px) 100vw, 2560px\" \/><\/a>\n\t\t\t<\/div><\/figure><figure class='gallery-item'>\n\t\t\t<div class='gallery-icon landscape'>\n\t\t\t\t<a data-elementor-open-lightbox=\"yes\" data-elementor-lightbox-slideshow=\"89a845d\" data-elementor-lightbox-title=\"IMG_3861\" data-e-action-hash=\"#elementor-action%3Aaction%3Dlightbox%26settings%3DeyJpZCI6ODk5LCJ1cmwiOiJodHRwOlwvXC9jYXJ0ZXItY2FyYXZhbnMuZGVcL3dwLWNvbnRlbnRcL3VwbG9hZHNcLzIwMjRcLzAyXC9JTUdfMzg2MS1zY2FsZWQuanBnIiwic2xpZGVzaG93IjoiODlhODQ1ZCJ9\" href='http:\/\/carter-caravans.de\/wp-content\/uploads\/2024\/02\/IMG_3861-scaled.jpg'><img loading=\"lazy\" decoding=\"async\" width=\"2560\" height=\"1920\" src=\"http:\/\/carter-caravans.de\/wp-content\/uploads\/2024\/02\/IMG_3861-scaled.jpg\" class=\"attachment-full size-full\" alt=\"\" srcset=\"http:\/\/carter-caravans.de\/wp-content\/uploads\/2024\/02\/IMG_3861-scaled.jpg 2560w, http:\/\/carter-caravans.de\/wp-content\/uploads\/2024\/02\/IMG_3861-300x225.jpg 300w, http:\/\/carter-caravans.de\/wp-content\/uploads\/2024\/02\/IMG_3861-1024x768.jpg 1024w, http:\/\/carter-caravans.de\/wp-content\/uploads\/2024\/02\/IMG_3861-768x576.jpg 768w, http:\/\/carter-caravans.de\/wp-content\/uploads\/2024\/02\/IMG_3861-1536x1152.jpg 1536w, http:\/\/carter-caravans.de\/wp-content\/uploads\/2024\/02\/IMG_3861-2048x1536.jpg 2048w, http:\/\/carter-caravans.de\/wp-content\/uploads\/2024\/02\/IMG_3861-900x675.jpg 900w, http:\/\/carter-caravans.de\/wp-content\/uploads\/2024\/02\/IMG_3861-500x375.jpg 500w, http:\/\/carter-caravans.de\/wp-content\/uploads\/2024\/02\/IMG_3861-600x450.jpg 600w\" sizes=\"auto, (max-width: 2560px) 100vw, 2560px\" \/><\/a>\n\t\t\t<\/div><\/figure><figure class='gallery-item'>\n\t\t\t<div class='gallery-icon landscape'>\n\t\t\t\t<a data-elementor-open-lightbox=\"yes\" data-elementor-lightbox-slideshow=\"89a845d\" data-elementor-lightbox-title=\"IMG_3864\" data-e-action-hash=\"#elementor-action%3Aaction%3Dlightbox%26settings%3DeyJpZCI6OTAyLCJ1cmwiOiJodHRwOlwvXC9jYXJ0ZXItY2FyYXZhbnMuZGVcL3dwLWNvbnRlbnRcL3VwbG9hZHNcLzIwMjRcLzAyXC9JTUdfMzg2NC1zY2FsZWQuanBnIiwic2xpZGVzaG93IjoiODlhODQ1ZCJ9\" href='http:\/\/carter-caravans.de\/wp-content\/uploads\/2024\/02\/IMG_3864-scaled.jpg'><img loading=\"lazy\" decoding=\"async\" width=\"2560\" height=\"1920\" src=\"http:\/\/carter-caravans.de\/wp-content\/uploads\/2024\/02\/IMG_3864-scaled.jpg\" class=\"attachment-full size-full\" alt=\"\" srcset=\"http:\/\/carter-caravans.de\/wp-content\/uploads\/2024\/02\/IMG_3864-scaled.jpg 2560w, http:\/\/carter-caravans.de\/wp-content\/uploads\/2024\/02\/IMG_3864-300x225.jpg 300w, http:\/\/carter-caravans.de\/wp-content\/uploads\/2024\/02\/IMG_3864-1024x768.jpg 1024w, http:\/\/carter-caravans.de\/wp-content\/uploads\/2024\/02\/IMG_3864-768x576.jpg 768w, http:\/\/carter-caravans.de\/wp-content\/uploads\/2024\/02\/IMG_3864-1536x1152.jpg 1536w, http:\/\/carter-caravans.de\/wp-content\/uploads\/2024\/02\/IMG_3864-2048x1536.jpg 2048w, http:\/\/carter-caravans.de\/wp-content\/uploads\/2024\/02\/IMG_3864-900x675.jpg 900w, http:\/\/carter-caravans.de\/wp-content\/uploads\/2024\/02\/IMG_3864-500x375.jpg 500w, http:\/\/carter-caravans.de\/wp-content\/uploads\/2024\/02\/IMG_3864-600x450.jpg 600w\" sizes=\"auto, (max-width: 2560px) 100vw, 2560px\" \/><\/a>\n\t\t\t<\/div><\/figure><figure class='gallery-item'>\n\t\t\t<div class='gallery-icon landscape'>\n\t\t\t\t<a data-elementor-open-lightbox=\"yes\" data-elementor-lightbox-slideshow=\"89a845d\" data-elementor-lightbox-title=\"IMG_3866\" data-e-action-hash=\"#elementor-action%3Aaction%3Dlightbox%26settings%3DeyJpZCI6OTA0LCJ1cmwiOiJodHRwOlwvXC9jYXJ0ZXItY2FyYXZhbnMuZGVcL3dwLWNvbnRlbnRcL3VwbG9hZHNcLzIwMjRcLzAyXC9JTUdfMzg2Ni1zY2FsZWQuanBnIiwic2xpZGVzaG93IjoiODlhODQ1ZCJ9\" href='http:\/\/carter-caravans.de\/wp-content\/uploads\/2024\/02\/IMG_3866-scaled.jpg'><img loading=\"lazy\" decoding=\"async\" width=\"2560\" height=\"1920\" src=\"http:\/\/carter-caravans.de\/wp-content\/uploads\/2024\/02\/IMG_3866-scaled.jpg\" class=\"attachment-full size-full\" alt=\"\" srcset=\"http:\/\/carter-caravans.de\/wp-content\/uploads\/2024\/02\/IMG_3866-scaled.jpg 2560w, http:\/\/carter-caravans.de\/wp-content\/uploads\/2024\/02\/IMG_3866-300x225.jpg 300w, http:\/\/carter-caravans.de\/wp-content\/uploads\/2024\/02\/IMG_3866-1024x768.jpg 1024w, http:\/\/carter-caravans.de\/wp-content\/uploads\/2024\/02\/IMG_3866-768x576.jpg 768w, http:\/\/carter-caravans.de\/wp-content\/uploads\/2024\/02\/IMG_3866-1536x1152.jpg 1536w, http:\/\/carter-caravans.de\/wp-content\/uploads\/2024\/02\/IMG_3866-2048x1536.jpg 2048w, http:\/\/carter-caravans.de\/wp-content\/uploads\/2024\/02\/IMG_3866-900x675.jpg 900w, http:\/\/carter-caravans.de\/wp-content\/uploads\/2024\/02\/IMG_3866-500x375.jpg 500w, http:\/\/carter-caravans.de\/wp-content\/uploads\/2024\/02\/IMG_3866-600x450.jpg 600w\" sizes=\"auto, (max-width: 2560px) 100vw, 2560px\" \/><\/a>\n\t\t\t<\/div><\/figure><figure class='gallery-item'>\n\t\t\t<div class='gallery-icon landscape'>\n\t\t\t\t<a data-elementor-open-lightbox=\"yes\" data-elementor-lightbox-slideshow=\"89a845d\" data-elementor-lightbox-title=\"IMG_3873\" data-e-action-hash=\"#elementor-action%3Aaction%3Dlightbox%26settings%3DeyJpZCI6OTExLCJ1cmwiOiJodHRwOlwvXC9jYXJ0ZXItY2FyYXZhbnMuZGVcL3dwLWNvbnRlbnRcL3VwbG9hZHNcLzIwMjRcLzAyXC9JTUdfMzg3My1zY2FsZWQuanBnIiwic2xpZGVzaG93IjoiODlhODQ1ZCJ9\" href='http:\/\/carter-caravans.de\/wp-content\/uploads\/2024\/02\/IMG_3873-scaled.jpg'><img loading=\"lazy\" decoding=\"async\" width=\"2560\" height=\"1920\" src=\"http:\/\/carter-caravans.de\/wp-content\/uploads\/2024\/02\/IMG_3873-scaled.jpg\" class=\"attachment-full size-full\" alt=\"\" srcset=\"http:\/\/carter-caravans.de\/wp-content\/uploads\/2024\/02\/IMG_3873-scaled.jpg 2560w, http:\/\/carter-caravans.de\/wp-content\/uploads\/2024\/02\/IMG_3873-300x225.jpg 300w, http:\/\/carter-caravans.de\/wp-content\/uploads\/2024\/02\/IMG_3873-1024x768.jpg 1024w, http:\/\/carter-caravans.de\/wp-content\/uploads\/2024\/02\/IMG_3873-768x576.jpg 768w, http:\/\/carter-caravans.de\/wp-content\/uploads\/2024\/02\/IMG_3873-1536x1152.jpg 1536w, http:\/\/carter-caravans.de\/wp-content\/uploads\/2024\/02\/IMG_3873-2048x1536.jpg 2048w, http:\/\/carter-caravans.de\/wp-content\/uploads\/2024\/02\/IMG_3873-900x675.jpg 900w, http:\/\/carter-caravans.de\/wp-content\/uploads\/2024\/02\/IMG_3873-500x375.jpg 500w, http:\/\/carter-caravans.de\/wp-content\/uploads\/2024\/02\/IMG_3873-600x450.jpg 600w\" sizes=\"auto, (max-width: 2560px) 100vw, 2560px\" \/><\/a>\n\t\t\t<\/div><\/figure><figure class='gallery-item'>\n\t\t\t<div class='gallery-icon landscape'>\n\t\t\t\t<a data-elementor-open-lightbox=\"yes\" data-elementor-lightbox-slideshow=\"89a845d\" data-elementor-lightbox-title=\"IMG_3858\" data-e-action-hash=\"#elementor-action%3Aaction%3Dlightbox%26settings%3DeyJpZCI6ODk1LCJ1cmwiOiJodHRwOlwvXC9jYXJ0ZXItY2FyYXZhbnMuZGVcL3dwLWNvbnRlbnRcL3VwbG9hZHNcLzIwMjRcLzAyXC9JTUdfMzg1OC1zY2FsZWQuanBnIiwic2xpZGVzaG93IjoiODlhODQ1ZCJ9\" href='http:\/\/carter-caravans.de\/wp-content\/uploads\/2024\/02\/IMG_3858-scaled.jpg'><img loading=\"lazy\" decoding=\"async\" width=\"2560\" height=\"1920\" src=\"http:\/\/carter-caravans.de\/wp-content\/uploads\/2024\/02\/IMG_3858-scaled.jpg\" class=\"attachment-full size-full\" alt=\"\" srcset=\"http:\/\/carter-caravans.de\/wp-content\/uploads\/2024\/02\/IMG_3858-scaled.jpg 2560w, http:\/\/carter-caravans.de\/wp-content\/uploads\/2024\/02\/IMG_3858-300x225.jpg 300w, http:\/\/carter-caravans.de\/wp-content\/uploads\/2024\/02\/IMG_3858-1024x768.jpg 1024w, http:\/\/carter-caravans.de\/wp-content\/uploads\/2024\/02\/IMG_3858-768x576.jpg 768w, http:\/\/carter-caravans.de\/wp-content\/uploads\/2024\/02\/IMG_3858-1536x1152.jpg 1536w, http:\/\/carter-caravans.de\/wp-content\/uploads\/2024\/02\/IMG_3858-2048x1536.jpg 2048w, http:\/\/carter-caravans.de\/wp-content\/uploads\/2024\/02\/IMG_3858-900x675.jpg 900w, http:\/\/carter-caravans.de\/wp-content\/uploads\/2024\/02\/IMG_3858-500x375.jpg 500w, http:\/\/carter-caravans.de\/wp-content\/uploads\/2024\/02\/IMG_3858-600x450.jpg 600w\" sizes=\"auto, (max-width: 2560px) 100vw, 2560px\" \/><\/a>\n\t\t\t<\/div><\/figure><figure class='gallery-item'>\n\t\t\t<div class='gallery-icon landscape'>\n\t\t\t\t<a data-elementor-open-lightbox=\"yes\" data-elementor-lightbox-slideshow=\"89a845d\" data-elementor-lightbox-title=\"IMG_3859\" data-e-action-hash=\"#elementor-action%3Aaction%3Dlightbox%26settings%3DeyJpZCI6ODk2LCJ1cmwiOiJodHRwOlwvXC9jYXJ0ZXItY2FyYXZhbnMuZGVcL3dwLWNvbnRlbnRcL3VwbG9hZHNcLzIwMjRcLzAyXC9JTUdfMzg1OS1zY2FsZWQuanBnIiwic2xpZGVzaG93IjoiODlhODQ1ZCJ9\" href='http:\/\/carter-caravans.de\/wp-content\/uploads\/2024\/02\/IMG_3859-scaled.jpg'><img loading=\"lazy\" decoding=\"async\" width=\"2560\" height=\"1920\" src=\"http:\/\/carter-caravans.de\/wp-content\/uploads\/2024\/02\/IMG_3859-scaled.jpg\" class=\"attachment-full size-full\" alt=\"\" srcset=\"http:\/\/carter-caravans.de\/wp-content\/uploads\/2024\/02\/IMG_3859-scaled.jpg 2560w, http:\/\/carter-caravans.de\/wp-content\/uploads\/2024\/02\/IMG_3859-300x225.jpg 300w, http:\/\/carter-caravans.de\/wp-content\/uploads\/2024\/02\/IMG_3859-1024x768.jpg 1024w, http:\/\/carter-caravans.de\/wp-content\/uploads\/2024\/02\/IMG_3859-768x576.jpg 768w, http:\/\/carter-caravans.de\/wp-content\/uploads\/2024\/02\/IMG_3859-1536x1152.jpg 1536w, http:\/\/carter-caravans.de\/wp-content\/uploads\/2024\/02\/IMG_3859-2048x1536.jpg 2048w, http:\/\/carter-caravans.de\/wp-content\/uploads\/2024\/02\/IMG_3859-900x675.jpg 900w, http:\/\/carter-caravans.de\/wp-content\/uploads\/2024\/02\/IMG_3859-500x375.jpg 500w, http:\/\/carter-caravans.de\/wp-content\/uploads\/2024\/02\/IMG_3859-600x450.jpg 600w\" sizes=\"auto, (max-width: 2560px) 100vw, 2560px\" \/><\/a>\n\t\t\t<\/div><\/figure><figure class='gallery-item'>\n\t\t\t<div class='gallery-icon landscape'>\n\t\t\t\t<a data-elementor-open-lightbox=\"yes\" data-elementor-lightbox-slideshow=\"89a845d\" data-elementor-lightbox-title=\"IMG_3860\" data-e-action-hash=\"#elementor-action%3Aaction%3Dlightbox%26settings%3DeyJpZCI6ODk4LCJ1cmwiOiJodHRwOlwvXC9jYXJ0ZXItY2FyYXZhbnMuZGVcL3dwLWNvbnRlbnRcL3VwbG9hZHNcLzIwMjRcLzAyXC9JTUdfMzg2MC1zY2FsZWQuanBnIiwic2xpZGVzaG93IjoiODlhODQ1ZCJ9\" href='http:\/\/carter-caravans.de\/wp-content\/uploads\/2024\/02\/IMG_3860-scaled.jpg'><img loading=\"lazy\" decoding=\"async\" width=\"2560\" height=\"1920\" src=\"http:\/\/carter-caravans.de\/wp-content\/uploads\/2024\/02\/IMG_3860-scaled.jpg\" class=\"attachment-full size-full\" alt=\"\" srcset=\"http:\/\/carter-caravans.de\/wp-content\/uploads\/2024\/02\/IMG_3860-scaled.jpg 2560w, http:\/\/carter-caravans.de\/wp-content\/uploads\/2024\/02\/IMG_3860-300x225.jpg 300w, http:\/\/carter-caravans.de\/wp-content\/uploads\/2024\/02\/IMG_3860-1024x768.jpg 1024w, http:\/\/carter-caravans.de\/wp-content\/uploads\/2024\/02\/IMG_3860-768x576.jpg 768w, http:\/\/carter-caravans.de\/wp-content\/uploads\/2024\/02\/IMG_3860-1536x1152.jpg 1536w, http:\/\/carter-caravans.de\/wp-content\/uploads\/2024\/02\/IMG_3860-2048x1536.jpg 2048w, http:\/\/carter-caravans.de\/wp-content\/uploads\/2024\/02\/IMG_3860-900x675.jpg 900w, http:\/\/carter-caravans.de\/wp-content\/uploads\/2024\/02\/IMG_3860-500x375.jpg 500w, http:\/\/carter-caravans.de\/wp-content\/uploads\/2024\/02\/IMG_3860-600x450.jpg 600w\" sizes=\"auto, (max-width: 2560px) 100vw, 2560px\" \/><\/a>\n\t\t\t<\/div><\/figure><figure class='gallery-item'>\n\t\t\t<div class='gallery-icon landscape'>\n\t\t\t\t<a data-elementor-open-lightbox=\"yes\" data-elementor-lightbox-slideshow=\"89a845d\" data-elementor-lightbox-title=\"IMG_3865\" data-e-action-hash=\"#elementor-action%3Aaction%3Dlightbox%26settings%3DeyJpZCI6OTAzLCJ1cmwiOiJodHRwOlwvXC9jYXJ0ZXItY2FyYXZhbnMuZGVcL3dwLWNvbnRlbnRcL3VwbG9hZHNcLzIwMjRcLzAyXC9JTUdfMzg2NS1zY2FsZWQuanBnIiwic2xpZGVzaG93IjoiODlhODQ1ZCJ9\" href='http:\/\/carter-caravans.de\/wp-content\/uploads\/2024\/02\/IMG_3865-scaled.jpg'><img loading=\"lazy\" decoding=\"async\" width=\"2560\" height=\"1920\" src=\"http:\/\/carter-caravans.de\/wp-content\/uploads\/2024\/02\/IMG_3865-scaled.jpg\" class=\"attachment-full size-full\" alt=\"\" srcset=\"http:\/\/carter-caravans.de\/wp-content\/uploads\/2024\/02\/IMG_3865-scaled.jpg 2560w, http:\/\/carter-caravans.de\/wp-content\/uploads\/2024\/02\/IMG_3865-300x225.jpg 300w, http:\/\/carter-caravans.de\/wp-content\/uploads\/2024\/02\/IMG_3865-1024x768.jpg 1024w, http:\/\/carter-caravans.de\/wp-content\/uploads\/2024\/02\/IMG_3865-768x576.jpg 768w, http:\/\/carter-caravans.de\/wp-content\/uploads\/2024\/02\/IMG_3865-1536x1152.jpg 1536w, http:\/\/carter-caravans.de\/wp-content\/uploads\/2024\/02\/IMG_3865-2048x1536.jpg 2048w, http:\/\/carter-caravans.de\/wp-content\/uploads\/2024\/02\/IMG_3865-900x675.jpg 900w, http:\/\/carter-caravans.de\/wp-content\/uploads\/2024\/02\/IMG_3865-500x375.jpg 500w, http:\/\/carter-caravans.de\/wp-content\/uploads\/2024\/02\/IMG_3865-600x450.jpg 600w\" sizes=\"auto, (max-width: 2560px) 100vw, 2560px\" \/><\/a>\n\t\t\t<\/div><\/figure><figure class='gallery-item'>\n\t\t\t<div class='gallery-icon landscape'>\n\t\t\t\t<a data-elementor-open-lightbox=\"yes\" data-elementor-lightbox-slideshow=\"89a845d\" data-elementor-lightbox-title=\"IMG_3867\" data-e-action-hash=\"#elementor-action%3Aaction%3Dlightbox%26settings%3DeyJpZCI6OTA1LCJ1cmwiOiJodHRwOlwvXC9jYXJ0ZXItY2FyYXZhbnMuZGVcL3dwLWNvbnRlbnRcL3VwbG9hZHNcLzIwMjRcLzAyXC9JTUdfMzg2Ny1zY2FsZWQuanBnIiwic2xpZGVzaG93IjoiODlhODQ1ZCJ9\" href='http:\/\/carter-caravans.de\/wp-content\/uploads\/2024\/02\/IMG_3867-scaled.jpg'><img loading=\"lazy\" decoding=\"async\" width=\"2560\" height=\"1920\" src=\"http:\/\/carter-caravans.de\/wp-content\/uploads\/2024\/02\/IMG_3867-scaled.jpg\" class=\"attachment-full size-full\" alt=\"\" srcset=\"http:\/\/carter-caravans.de\/wp-content\/uploads\/2024\/02\/IMG_3867-scaled.jpg 2560w, http:\/\/carter-caravans.de\/wp-content\/uploads\/2024\/02\/IMG_3867-300x225.jpg 300w, http:\/\/carter-caravans.de\/wp-content\/uploads\/2024\/02\/IMG_3867-1024x768.jpg 1024w, http:\/\/carter-caravans.de\/wp-content\/uploads\/2024\/02\/IMG_3867-768x576.jpg 768w, http:\/\/carter-caravans.de\/wp-content\/uploads\/2024\/02\/IMG_3867-1536x1152.jpg 1536w, http:\/\/carter-caravans.de\/wp-content\/uploads\/2024\/02\/IMG_3867-2048x1536.jpg 2048w, http:\/\/carter-caravans.de\/wp-content\/uploads\/2024\/02\/IMG_3867-900x675.jpg 900w, http:\/\/carter-caravans.de\/wp-content\/uploads\/2024\/02\/IMG_3867-500x375.jpg 500w, http:\/\/carter-caravans.de\/wp-content\/uploads\/2024\/02\/IMG_3867-600x450.jpg 600w\" sizes=\"auto, (max-width: 2560px) 100vw, 2560px\" \/><\/a>\n\t\t\t<\/div><\/figure><figure class='gallery-item'>\n\t\t\t<div class='gallery-icon landscape'>\n\t\t\t\t<a data-elementor-open-lightbox=\"yes\" data-elementor-lightbox-slideshow=\"89a845d\" data-elementor-lightbox-title=\"IMG_3868\" data-e-action-hash=\"#elementor-action%3Aaction%3Dlightbox%26settings%3DeyJpZCI6OTA2LCJ1cmwiOiJodHRwOlwvXC9jYXJ0ZXItY2FyYXZhbnMuZGVcL3dwLWNvbnRlbnRcL3VwbG9hZHNcLzIwMjRcLzAyXC9JTUdfMzg2OC1zY2FsZWQuanBnIiwic2xpZGVzaG93IjoiODlhODQ1ZCJ9\" href='http:\/\/carter-caravans.de\/wp-content\/uploads\/2024\/02\/IMG_3868-scaled.jpg'><img loading=\"lazy\" decoding=\"async\" width=\"2560\" height=\"1920\" src=\"http:\/\/carter-caravans.de\/wp-content\/uploads\/2024\/02\/IMG_3868-scaled.jpg\" class=\"attachment-full size-full\" alt=\"\" srcset=\"http:\/\/carter-caravans.de\/wp-content\/uploads\/2024\/02\/IMG_3868-scaled.jpg 2560w, http:\/\/carter-caravans.de\/wp-content\/uploads\/2024\/02\/IMG_3868-300x225.jpg 300w, http:\/\/carter-caravans.de\/wp-content\/uploads\/2024\/02\/IMG_3868-1024x768.jpg 1024w, http:\/\/carter-caravans.de\/wp-content\/uploads\/2024\/02\/IMG_3868-768x576.jpg 768w, http:\/\/carter-caravans.de\/wp-content\/uploads\/2024\/02\/IMG_3868-1536x1152.jpg 1536w, http:\/\/carter-caravans.de\/wp-content\/uploads\/2024\/02\/IMG_3868-2048x1536.jpg 2048w, http:\/\/carter-caravans.de\/wp-content\/uploads\/2024\/02\/IMG_3868-900x675.jpg 900w, http:\/\/carter-caravans.de\/wp-content\/uploads\/2024\/02\/IMG_3868-500x375.jpg 500w, http:\/\/carter-caravans.de\/wp-content\/uploads\/2024\/02\/IMG_3868-600x450.jpg 600w\" sizes=\"auto, (max-width: 2560px) 100vw, 2560px\" \/><\/a>\n\t\t\t<\/div><\/figure><figure class='gallery-item'>\n\t\t\t<div class='gallery-icon landscape'>\n\t\t\t\t<a data-elementor-open-lightbox=\"yes\" data-elementor-lightbox-slideshow=\"89a845d\" data-elementor-lightbox-title=\"IMG_3869\" data-e-action-hash=\"#elementor-action%3Aaction%3Dlightbox%26settings%3DeyJpZCI6OTA3LCJ1cmwiOiJodHRwOlwvXC9jYXJ0ZXItY2FyYXZhbnMuZGVcL3dwLWNvbnRlbnRcL3VwbG9hZHNcLzIwMjRcLzAyXC9JTUdfMzg2OS1zY2FsZWQuanBnIiwic2xpZGVzaG93IjoiODlhODQ1ZCJ9\" href='http:\/\/carter-caravans.de\/wp-content\/uploads\/2024\/02\/IMG_3869-scaled.jpg'><img loading=\"lazy\" decoding=\"async\" width=\"2560\" height=\"1920\" src=\"http:\/\/carter-caravans.de\/wp-content\/uploads\/2024\/02\/IMG_3869-scaled.jpg\" class=\"attachment-full size-full\" alt=\"\" srcset=\"http:\/\/carter-caravans.de\/wp-content\/uploads\/2024\/02\/IMG_3869-scaled.jpg 2560w, http:\/\/carter-caravans.de\/wp-content\/uploads\/2024\/02\/IMG_3869-300x225.jpg 300w, http:\/\/carter-caravans.de\/wp-content\/uploads\/2024\/02\/IMG_3869-1024x768.jpg 1024w, http:\/\/carter-caravans.de\/wp-content\/uploads\/2024\/02\/IMG_3869-768x576.jpg 768w, http:\/\/carter-caravans.de\/wp-content\/uploads\/2024\/02\/IMG_3869-1536x1152.jpg 1536w, http:\/\/carter-caravans.de\/wp-content\/uploads\/2024\/02\/IMG_3869-2048x1536.jpg 2048w, http:\/\/carter-caravans.de\/wp-content\/uploads\/2024\/02\/IMG_3869-900x675.jpg 900w, http:\/\/carter-caravans.de\/wp-content\/uploads\/2024\/02\/IMG_3869-500x375.jpg 500w, http:\/\/carter-caravans.de\/wp-content\/uploads\/2024\/02\/IMG_3869-600x450.jpg 600w\" sizes=\"auto, (max-width: 2560px) 100vw, 2560px\" \/><\/a>\n\t\t\t<\/div><\/figure><figure class='gallery-item'>\n\t\t\t<div class='gallery-icon landscape'>\n\t\t\t\t<a data-elementor-open-lightbox=\"yes\" data-elementor-lightbox-slideshow=\"89a845d\" data-elementor-lightbox-title=\"IMG_3870\" data-e-action-hash=\"#elementor-action%3Aaction%3Dlightbox%26settings%3DeyJpZCI6OTA4LCJ1cmwiOiJodHRwOlwvXC9jYXJ0ZXItY2FyYXZhbnMuZGVcL3dwLWNvbnRlbnRcL3VwbG9hZHNcLzIwMjRcLzAyXC9JTUdfMzg3MC1zY2FsZWQuanBnIiwic2xpZGVzaG93IjoiODlhODQ1ZCJ9\" href='http:\/\/carter-caravans.de\/wp-content\/uploads\/2024\/02\/IMG_3870-scaled.jpg'><img loading=\"lazy\" decoding=\"async\" width=\"2560\" height=\"1920\" src=\"http:\/\/carter-caravans.de\/wp-content\/uploads\/2024\/02\/IMG_3870-scaled.jpg\" class=\"attachment-full size-full\" alt=\"\" srcset=\"http:\/\/carter-caravans.de\/wp-content\/uploads\/2024\/02\/IMG_3870-scaled.jpg 2560w, http:\/\/carter-caravans.de\/wp-content\/uploads\/2024\/02\/IMG_3870-300x225.jpg 300w, http:\/\/carter-caravans.de\/wp-content\/uploads\/2024\/02\/IMG_3870-1024x768.jpg 1024w, http:\/\/carter-caravans.de\/wp-content\/uploads\/2024\/02\/IMG_3870-768x576.jpg 768w, http:\/\/carter-caravans.de\/wp-content\/uploads\/2024\/02\/IMG_3870-1536x1152.jpg 1536w, http:\/\/carter-caravans.de\/wp-content\/uploads\/2024\/02\/IMG_3870-2048x1536.jpg 2048w, http:\/\/carter-caravans.de\/wp-content\/uploads\/2024\/02\/IMG_3870-900x675.jpg 900w, http:\/\/carter-caravans.de\/wp-content\/uploads\/2024\/02\/IMG_3870-500x375.jpg 500w, http:\/\/carter-caravans.de\/wp-content\/uploads\/2024\/02\/IMG_3870-600x450.jpg 600w\" sizes=\"auto, (max-width: 2560px) 100vw, 2560px\" \/><\/a>\n\t\t\t<\/div><\/figure><figure class='gallery-item'>\n\t\t\t<div class='gallery-icon landscape'>\n\t\t\t\t<a data-elementor-open-lightbox=\"yes\" data-elementor-lightbox-slideshow=\"89a845d\" data-elementor-lightbox-title=\"IMG_3871\" data-e-action-hash=\"#elementor-action%3Aaction%3Dlightbox%26settings%3DeyJpZCI6OTA5LCJ1cmwiOiJodHRwOlwvXC9jYXJ0ZXItY2FyYXZhbnMuZGVcL3dwLWNvbnRlbnRcL3VwbG9hZHNcLzIwMjRcLzAyXC9JTUdfMzg3MS1zY2FsZWQuanBnIiwic2xpZGVzaG93IjoiODlhODQ1ZCJ9\" href='http:\/\/carter-caravans.de\/wp-content\/uploads\/2024\/02\/IMG_3871-scaled.jpg'><img loading=\"lazy\" decoding=\"async\" width=\"2560\" height=\"1920\" src=\"http:\/\/carter-caravans.de\/wp-content\/uploads\/2024\/02\/IMG_3871-scaled.jpg\" class=\"attachment-full size-full\" alt=\"\" srcset=\"http:\/\/carter-caravans.de\/wp-content\/uploads\/2024\/02\/IMG_3871-scaled.jpg 2560w, http:\/\/carter-caravans.de\/wp-content\/uploads\/2024\/02\/IMG_3871-300x225.jpg 300w, http:\/\/carter-caravans.de\/wp-content\/uploads\/2024\/02\/IMG_3871-1024x768.jpg 1024w, http:\/\/carter-caravans.de\/wp-content\/uploads\/2024\/02\/IMG_3871-768x576.jpg 768w, http:\/\/carter-caravans.de\/wp-content\/uploads\/2024\/02\/IMG_3871-1536x1152.jpg 1536w, http:\/\/carter-caravans.de\/wp-content\/uploads\/2024\/02\/IMG_3871-2048x1536.jpg 2048w, http:\/\/carter-caravans.de\/wp-content\/uploads\/2024\/02\/IMG_3871-900x675.jpg 900w, http:\/\/carter-caravans.de\/wp-content\/uploads\/2024\/02\/IMG_3871-500x375.jpg 500w, http:\/\/carter-caravans.de\/wp-content\/uploads\/2024\/02\/IMG_3871-600x450.jpg 600w\" sizes=\"auto, (max-width: 2560px) 100vw, 2560px\" \/><\/a>\n\t\t\t<\/div><\/figure><figure class='gallery-item'>\n\t\t\t<div class='gallery-icon landscape'>\n\t\t\t\t<a data-elementor-open-lightbox=\"yes\" data-elementor-lightbox-slideshow=\"89a845d\" data-elementor-lightbox-title=\"IMG_3872\" data-e-action-hash=\"#elementor-action%3Aaction%3Dlightbox%26settings%3DeyJpZCI6OTEwLCJ1cmwiOiJodHRwOlwvXC9jYXJ0ZXItY2FyYXZhbnMuZGVcL3dwLWNvbnRlbnRcL3VwbG9hZHNcLzIwMjRcLzAyXC9JTUdfMzg3Mi1zY2FsZWQuanBnIiwic2xpZGVzaG93IjoiODlhODQ1ZCJ9\" href='http:\/\/carter-caravans.de\/wp-content\/uploads\/2024\/02\/IMG_3872-scaled.jpg'><img loading=\"lazy\" decoding=\"async\" width=\"2560\" height=\"1920\" src=\"http:\/\/carter-caravans.de\/wp-content\/uploads\/2024\/02\/IMG_3872-scaled.jpg\" class=\"attachment-full size-full\" alt=\"\" srcset=\"http:\/\/carter-caravans.de\/wp-content\/uploads\/2024\/02\/IMG_3872-scaled.jpg 2560w, http:\/\/carter-caravans.de\/wp-content\/uploads\/2024\/02\/IMG_3872-300x225.jpg 300w, http:\/\/carter-caravans.de\/wp-content\/uploads\/2024\/02\/IMG_3872-1024x768.jpg 1024w, http:\/\/carter-caravans.de\/wp-content\/uploads\/2024\/02\/IMG_3872-768x576.jpg 768w, http:\/\/carter-caravans.de\/wp-content\/uploads\/2024\/02\/IMG_3872-1536x1152.jpg 1536w, http:\/\/carter-caravans.de\/wp-content\/uploads\/2024\/02\/IMG_3872-2048x1536.jpg 2048w, http:\/\/carter-caravans.de\/wp-content\/uploads\/2024\/02\/IMG_3872-900x675.jpg 900w, http:\/\/carter-caravans.de\/wp-content\/uploads\/2024\/02\/IMG_3872-500x375.jpg 500w, http:\/\/carter-caravans.de\/wp-content\/uploads\/2024\/02\/IMG_3872-600x450.jpg 600w\" sizes=\"auto, (max-width: 2560px) 100vw, 2560px\" \/><\/a>\n\t\t\t<\/div><\/figure><figure class='gallery-item'>\n\t\t\t<div class='gallery-icon landscape'>\n\t\t\t\t<a data-elementor-open-lightbox=\"yes\" data-elementor-lightbox-slideshow=\"89a845d\" data-elementor-lightbox-title=\"IMG_3874\" data-e-action-hash=\"#elementor-action%3Aaction%3Dlightbox%26settings%3DeyJpZCI6OTEyLCJ1cmwiOiJodHRwOlwvXC9jYXJ0ZXItY2FyYXZhbnMuZGVcL3dwLWNvbnRlbnRcL3VwbG9hZHNcLzIwMjRcLzAyXC9JTUdfMzg3NC1zY2FsZWQuanBnIiwic2xpZGVzaG93IjoiODlhODQ1ZCJ9\" href='http:\/\/carter-caravans.de\/wp-content\/uploads\/2024\/02\/IMG_3874-scaled.jpg'><img loading=\"lazy\" decoding=\"async\" width=\"2560\" height=\"1920\" src=\"http:\/\/carter-caravans.de\/wp-content\/uploads\/2024\/02\/IMG_3874-scaled.jpg\" class=\"attachment-full size-full\" alt=\"\" srcset=\"http:\/\/carter-caravans.de\/wp-content\/uploads\/2024\/02\/IMG_3874-scaled.jpg 2560w, http:\/\/carter-caravans.de\/wp-content\/uploads\/2024\/02\/IMG_3874-300x225.jpg 300w, http:\/\/carter-caravans.de\/wp-content\/uploads\/2024\/02\/IMG_3874-1024x768.jpg 1024w, http:\/\/carter-caravans.de\/wp-content\/uploads\/2024\/02\/IMG_3874-768x576.jpg 768w, http:\/\/carter-caravans.de\/wp-content\/uploads\/2024\/02\/IMG_3874-1536x1152.jpg 1536w, http:\/\/carter-caravans.de\/wp-content\/uploads\/2024\/02\/IMG_3874-2048x1536.jpg 2048w, http:\/\/carter-caravans.de\/wp-content\/uploads\/2024\/02\/IMG_3874-900x675.jpg 900w, http:\/\/carter-caravans.de\/wp-content\/uploads\/2024\/02\/IMG_3874-500x375.jpg 500w, http:\/\/carter-caravans.de\/wp-content\/uploads\/2024\/02\/IMG_3874-600x450.jpg 600w\" sizes=\"auto, (max-width: 2560px) 100vw, 2560px\" \/><\/a>\n\t\t\t<\/div><\/figure><figure class='gallery-item'>\n\t\t\t<div class='gallery-icon landscape'>\n\t\t\t\t<a data-elementor-open-lightbox=\"yes\" data-elementor-lightbox-slideshow=\"89a845d\" data-elementor-lightbox-title=\"IMG_3875\" data-e-action-hash=\"#elementor-action%3Aaction%3Dlightbox%26settings%3DeyJpZCI6OTEzLCJ1cmwiOiJodHRwOlwvXC9jYXJ0ZXItY2FyYXZhbnMuZGVcL3dwLWNvbnRlbnRcL3VwbG9hZHNcLzIwMjRcLzAyXC9JTUdfMzg3NS1zY2FsZWQuanBnIiwic2xpZGVzaG93IjoiODlhODQ1ZCJ9\" href='http:\/\/carter-caravans.de\/wp-content\/uploads\/2024\/02\/IMG_3875-scaled.jpg'><img loading=\"lazy\" decoding=\"async\" width=\"2560\" height=\"1920\" src=\"http:\/\/carter-caravans.de\/wp-content\/uploads\/2024\/02\/IMG_3875-scaled.jpg\" class=\"attachment-full size-full\" alt=\"\" srcset=\"http:\/\/carter-caravans.de\/wp-content\/uploads\/2024\/02\/IMG_3875-scaled.jpg 2560w, http:\/\/carter-caravans.de\/wp-content\/uploads\/2024\/02\/IMG_3875-300x225.jpg 300w, http:\/\/carter-caravans.de\/wp-content\/uploads\/2024\/02\/IMG_3875-1024x768.jpg 1024w, http:\/\/carter-caravans.de\/wp-content\/uploads\/2024\/02\/IMG_3875-768x576.jpg 768w, http:\/\/carter-caravans.de\/wp-content\/uploads\/2024\/02\/IMG_3875-1536x1152.jpg 1536w, http:\/\/carter-caravans.de\/wp-content\/uploads\/2024\/02\/IMG_3875-2048x1536.jpg 2048w, http:\/\/carter-caravans.de\/wp-content\/uploads\/2024\/02\/IMG_3875-900x675.jpg 900w, http:\/\/carter-caravans.de\/wp-content\/uploads\/2024\/02\/IMG_3875-500x375.jpg 500w, http:\/\/carter-caravans.de\/wp-content\/uploads\/2024\/02\/IMG_3875-600x450.jpg 600w\" sizes=\"auto, (max-width: 2560px) 100vw, 2560px\" \/><\/a>\n\t\t\t<\/div><\/figure><figure class='gallery-item'>\n\t\t\t<div class='gallery-icon landscape'>\n\t\t\t\t<a data-elementor-open-lightbox=\"yes\" data-elementor-lightbox-slideshow=\"89a845d\" data-elementor-lightbox-title=\"IMG_3876\" data-e-action-hash=\"#elementor-action%3Aaction%3Dlightbox%26settings%3DeyJpZCI6OTE0LCJ1cmwiOiJodHRwOlwvXC9jYXJ0ZXItY2FyYXZhbnMuZGVcL3dwLWNvbnRlbnRcL3VwbG9hZHNcLzIwMjRcLzAyXC9JTUdfMzg3Ni1zY2FsZWQuanBnIiwic2xpZGVzaG93IjoiODlhODQ1ZCJ9\" href='http:\/\/carter-caravans.de\/wp-content\/uploads\/2024\/02\/IMG_3876-scaled.jpg'><img loading=\"lazy\" decoding=\"async\" width=\"2560\" height=\"1920\" src=\"http:\/\/carter-caravans.de\/wp-content\/uploads\/2024\/02\/IMG_3876-scaled.jpg\" class=\"attachment-full size-full\" alt=\"\" srcset=\"http:\/\/carter-caravans.de\/wp-content\/uploads\/2024\/02\/IMG_3876-scaled.jpg 2560w, http:\/\/carter-caravans.de\/wp-content\/uploads\/2024\/02\/IMG_3876-300x225.jpg 300w, http:\/\/carter-caravans.de\/wp-content\/uploads\/2024\/02\/IMG_3876-1024x768.jpg 1024w, http:\/\/carter-caravans.de\/wp-content\/uploads\/2024\/02\/IMG_3876-768x576.jpg 768w, http:\/\/carter-caravans.de\/wp-content\/uploads\/2024\/02\/IMG_3876-1536x1152.jpg 1536w, http:\/\/carter-caravans.de\/wp-content\/uploads\/2024\/02\/IMG_3876-2048x1536.jpg 2048w, http:\/\/carter-caravans.de\/wp-content\/uploads\/2024\/02\/IMG_3876-900x675.jpg 900w, http:\/\/carter-caravans.de\/wp-content\/uploads\/2024\/02\/IMG_3876-500x375.jpg 500w, http:\/\/carter-caravans.de\/wp-content\/uploads\/2024\/02\/IMG_3876-600x450.jpg 600w\" sizes=\"auto, (max-width: 2560px) 100vw, 2560px\" \/><\/a>\n\t\t\t<\/div><\/figure><figure class='gallery-item'>\n\t\t\t<div class='gallery-icon landscape'>\n\t\t\t\t<a data-elementor-open-lightbox=\"yes\" data-elementor-lightbox-slideshow=\"89a845d\" data-elementor-lightbox-title=\"IMG_3877\" data-e-action-hash=\"#elementor-action%3Aaction%3Dlightbox%26settings%3DeyJpZCI6OTE1LCJ1cmwiOiJodHRwOlwvXC9jYXJ0ZXItY2FyYXZhbnMuZGVcL3dwLWNvbnRlbnRcL3VwbG9hZHNcLzIwMjRcLzAyXC9JTUdfMzg3Ny1zY2FsZWQuanBnIiwic2xpZGVzaG93IjoiODlhODQ1ZCJ9\" href='http:\/\/carter-caravans.de\/wp-content\/uploads\/2024\/02\/IMG_3877-scaled.jpg'><img loading=\"lazy\" decoding=\"async\" width=\"2560\" height=\"1920\" src=\"http:\/\/carter-caravans.de\/wp-content\/uploads\/2024\/02\/IMG_3877-scaled.jpg\" class=\"attachment-full size-full\" alt=\"\" srcset=\"http:\/\/carter-caravans.de\/wp-content\/uploads\/2024\/02\/IMG_3877-scaled.jpg 2560w, http:\/\/carter-caravans.de\/wp-content\/uploads\/2024\/02\/IMG_3877-300x225.jpg 300w, http:\/\/carter-caravans.de\/wp-content\/uploads\/2024\/02\/IMG_3877-1024x768.jpg 1024w, http:\/\/carter-caravans.de\/wp-content\/uploads\/2024\/02\/IMG_3877-768x576.jpg 768w, http:\/\/carter-caravans.de\/wp-content\/uploads\/2024\/02\/IMG_3877-1536x1152.jpg 1536w, http:\/\/carter-caravans.de\/wp-content\/uploads\/2024\/02\/IMG_3877-2048x1536.jpg 2048w, http:\/\/carter-caravans.de\/wp-content\/uploads\/2024\/02\/IMG_3877-900x675.jpg 900w, http:\/\/carter-caravans.de\/wp-content\/uploads\/2024\/02\/IMG_3877-500x375.jpg 500w, http:\/\/carter-caravans.de\/wp-content\/uploads\/2024\/02\/IMG_3877-600x450.jpg 600w\" sizes=\"auto, (max-width: 2560px) 100vw, 2560px\" \/><\/a>\n\t\t\t<\/div><\/figure>\n\t\t<\/div>\n\t\t<\/div>\n\t\t\t\t<\/div>\n\t\t\t\t<\/div>\n\t\t\t\t\t<\/div>\n\t\t<\/div>\n\t\t\t\t\t\t\t<\/div>\n\t\t<\/section>\n\t\t\t\t\t\t\t<\/div>\n\t\t","protected":false},"excerpt":{"rendered":"<p>Sind Sie auf der Suche nach einem professionellen und umfassenden Service f\u00fcr die Erstellung einer Karosserie f\u00fcr Ihren Transporter oder ein anderes [&hellip;]<\/p>\n","protected":false},"author":1,"featured_media":911,"comment_status":"open","ping_status":"open","sticky":false,"template":"","format":"standard","meta":{"footnotes":""},"categories":[1],"tags":[],"class_list":["post-885","post","type-post","status-publish","format-standard","has-post-thumbnail","hentry","category-bez-kategorii","col-md-12"],"_links":{"self":[{"href":"http:\/\/carter-caravans.de\/index.php\/wp-json\/wp\/v2\/posts\/885","targetHints":{"allow":["GET"]}}],"collection":[{"href":"http:\/\/carter-caravans.de\/index.php\/wp-json\/wp\/v2\/posts"}],"about":[{"href":"http:\/\/carter-caravans.de\/index.php\/wp-json\/wp\/v2\/types\/post"}],"author":[{"embeddable":true,"href":"http:\/\/carter-caravans.de\/index.php\/wp-json\/wp\/v2\/users\/1"}],"replies":[{"embeddable":true,"href":"http:\/\/carter-caravans.de\/index.php\/wp-json\/wp\/v2\/comments?post=885"}],"version-history":[{"count":29,"href":"http:\/\/carter-caravans.de\/index.php\/wp-json\/wp\/v2\/posts\/885\/revisions"}],"predecessor-version":[{"id":965,"href":"http:\/\/carter-caravans.de\/index.php\/wp-json\/wp\/v2\/posts\/885\/revisions\/965"}],"wp:featuredmedia":[{"embeddable":true,"href":"http:\/\/carter-caravans.de\/index.php\/wp-json\/wp\/v2\/media\/911"}],"wp:attachment":[{"href":"http:\/\/carter-caravans.de\/index.php\/wp-json\/wp\/v2\/media?parent=885"}],"wp:term":[{"taxonomy":"category","embeddable":true,"href":"http:\/\/carter-caravans.de\/index.php\/wp-json\/wp\/v2\/categories?post=885"},{"taxonomy":"post_tag","embeddable":true,"href":"http:\/\/carter-caravans.de\/index.php\/wp-json\/wp\/v2\/tags?post=885"}],"curies":[{"name":"wp","href":"https:\/\/api.w.org\/{rel}","templated":true}]}}